{"id":544,"date":"2020-01-21T12:24:31","date_gmt":"2020-01-21T12:24:31","guid":{"rendered":"https:\/\/transparent.love\/?p=544"},"modified":"2023-08-30T16:10:20","modified_gmt":"2023-08-30T16:10:20","slug":"questione-di-sguardi","status":"publish","type":"post","link":"https:\/\/transparent.love\/en\/questione-di-sguardi\/","title":{"rendered":"Educate to differences"},"content":{"rendered":"<p><\/p>\n\n\n\n<p><strong>Acceptance tools<\/strong><strong>of&nbsp;<\/strong><strong>one's own and others' diversity to prevent discrimination.&nbsp;<\/strong><strong><\/strong><\/p>\n\n\n\n<p><strong>The project\u2019s objectives are:&nbsp;<\/strong><\/p>\n\n\n\n<ul class=\"wp-block-list\">\n<li>to deconstruct stereotypes and prejudices about gender identity, sexual orientation, ethnicity, disability and to prevent any form of discrimination;<\/li>\n\n\n\n<li>to introduce the concept of majority and minority and make people understand how it changes in space and time;&nbsp;<\/li>\n\n\n\n<li>to develop self-confidence and appreciate itself in all its nuances.<\/li>\n<\/ul>\n\n\n\n<p><strong>Methods and strategies:<\/strong><strong><\/strong><\/p>\n\n\n\n<p><strong>The workshop will<\/strong><strong>of&nbsp;<\/strong><strong>use non-formal education techniques:<\/strong><strong><\/strong><\/p>\n\n\n\n<ol class=\"wp-block-list\">\n<li>We will start from ice-breaking activities to create a peaceful, fun and open to communication atmosphere.<\/li>\n\n\n\n<li>We will then move on to games that aim to bring out everyone\u2018s stereotypes and to deconstruct the prejudices that they can create.<\/li>\n\n\n\n<li>The course will also have moments of debate and discussion to reflect on the emotions that the activities arise and to clarify the correct use of language to respect all differences.<\/li>\n\n\n\n<li>Anonymous questionaires, videos, spots and audio material will also be used.&nbsp;&nbsp;<\/li>\n<\/ol>\n\n\n\n<p>All activities are conducted in a non-judgmental climate.<\/p>\n\n\n\n<p><strong>Articulation of the workshop&nbsp;<\/strong><\/p>\n\n\n\n<p>The workshop can be structured in 2 meetings lasting 3 hours each, but based on the needs of the school, it can be reformulated.&nbsp;<\/p>\n\n\n\n<p>It can be part of a longer and more articulated path, used as a bridging module for projects to combat sexism, homophobia, racism and cyberbullying.<\/p>\n\n\n\n<p><strong>Purpose<\/strong><strong>of&nbsp;<\/strong><strong>and expected results&nbsp;<\/strong>Our goal is to provide students with tools, knowledge and new awareness, to be aware that each and every one of us deserves respect and deserves to be free to express one's personality.<br>Coming  to the conclusion that the diversities, which we all carry, enrich us and all those who are around us.<br>Because if we change our gaze we can change the world.<\/p>\n\n\n\n<p><\/p>","protected":false},"excerpt":{"rendered":"<p>Strumenti di accoglienza delle diversit\u00e0&nbsp;proprie e altrui per contrastare le discriminazioni&nbsp; Il progetto ha come obiettivi:&nbsp; Metodi e strategie: Il laboratorio si avvarr\u00e0&nbsp;di tecniche di educazione non formale Tutte le attivit\u00e0 sono condotte in un clima non giudicante. Articolazione del laboratorio&nbsp; Il laboratorio pu\u00f2 essere strutturato in 2 incontri della durata di 3 ore l\u2019uno, ma in base alle esigenze della scuola si pu\u00f2 riformulare.&nbsp; Pu\u00f2 far parte di un percorso pi\u00f9 lungo e articolato, usato come modulo propedeutico per [&hellip;]<\/p>\n","protected":false},"author":1,"featured_media":927,"comment_status":"closed","ping_status":"closed","sticky":false,"template":"","format":"standard","meta":{"_acf_changed":false,"footnotes":""},"categories":[10],"tags":[],"class_list":["post-544","post","type-post","status-publish","format-standard","has-post-thumbnail","hentry","category-laboratorio"],"acf":[],"yoast_head":"<!-- This site is optimized with the Yoast SEO plugin v27.4 - https:\/\/yoast.com\/product\/yoast-seo-wordpress\/ -->\n<title>Educare alle differenze - Transparent<\/title>\n<meta name=\"robots\" content=\"index, follow, max-snippet:-1, max-image-preview:large, max-video-preview:-1\" \/>\n<link rel=\"canonical\" href=\"https:\/\/transparent.love\/en\/questione-di-sguardi\/\" \/>\n<meta property=\"og:locale\" content=\"en_GB\" \/>\n<meta property=\"og:type\" content=\"article\" \/>\n<meta property=\"og:title\" content=\"Educare alle differenze - Transparent\" \/>\n<meta property=\"og:description\" content=\"Strumenti di accoglienza delle diversit\u00e0&nbsp;proprie e altrui per contrastare le discriminazioni&nbsp; Il progetto ha come obiettivi:&nbsp; Metodi e strategie: Il laboratorio si avvarr\u00e0&nbsp;di tecniche di educazione non formale Tutte le attivit\u00e0 sono condotte in un clima non giudicante. Articolazione del laboratorio&nbsp; Il laboratorio pu\u00f2 essere strutturato in 2 incontri della durata di 3 ore l\u2019uno, ma in base alle esigenze della scuola si pu\u00f2 riformulare.&nbsp; Pu\u00f2 far parte di un percorso pi\u00f9 lungo e articolato, usato come modulo propedeutico per [&hellip;]\" \/>\n<meta property=\"og:url\" content=\"https:\/\/transparent.love\/en\/questione-di-sguardi\/\" \/>\n<meta property=\"og:site_name\" content=\"Transparent\" \/>\n<meta property=\"article:published_time\" content=\"2020-01-21T12:24:31+00:00\" \/>\n<meta property=\"article:modified_time\" content=\"2023-08-30T16:10:20+00:00\" \/>\n<meta property=\"og:image\" content=\"https:\/\/transparent.love\/wp-content\/uploads\/2020\/01\/4.-Danilo_Orgoglio-\u00a9-Alessia-Rollo-HQ-1024x682.jpg\" \/>\n\t<meta property=\"og:image:width\" content=\"1024\" \/>\n\t<meta property=\"og:image:height\" content=\"682\" \/>\n\t<meta property=\"og:image:type\" content=\"image\/jpeg\" \/>\n<meta name=\"author\" content=\"admin\" \/>\n<meta name=\"twitter:card\" content=\"summary_large_image\" \/>\n<meta name=\"twitter:label1\" content=\"Written by\" \/>\n\t<meta name=\"twitter:data1\" content=\"admin\" \/>\n\t<meta name=\"twitter:label2\" content=\"Estimated reading time\" \/>\n\t<meta name=\"twitter:data2\" content=\"2 minutes\" \/>\n<script type=\"application\/ld+json\" class=\"yoast-schema-graph\">{\"@context\":\"https:\\\/\\\/schema.org\",\"@graph\":[{\"@type\":\"Article\",\"@id\":\"https:\\\/\\\/transparent.love\\\/questione-di-sguardi\\\/#article\",\"isPartOf\":{\"@id\":\"https:\\\/\\\/transparent.love\\\/questione-di-sguardi\\\/\"},\"author\":{\"name\":\"admin\",\"@id\":\"https:\\\/\\\/transparent.love\\\/#\\\/schema\\\/person\\\/2698ae750a7c602272e992d2d96f1da9\"},\"headline\":\"Educare alle differenze\",\"datePublished\":\"2020-01-21T12:24:31+00:00\",\"dateModified\":\"2023-08-30T16:10:20+00:00\",\"mainEntityOfPage\":{\"@id\":\"https:\\\/\\\/transparent.love\\\/questione-di-sguardi\\\/\"},\"wordCount\":317,\"image\":{\"@id\":\"https:\\\/\\\/transparent.love\\\/questione-di-sguardi\\\/#primaryimage\"},\"thumbnailUrl\":\"https:\\\/\\\/transparent.love\\\/wp-content\\\/uploads\\\/2020\\\/01\\\/4.-Danilo_Orgoglio-\u00a9-Alessia-Rollo-HQ.jpg\",\"articleSection\":[\"Laboratorio\"],\"inLanguage\":\"en-GB\"},{\"@type\":\"WebPage\",\"@id\":\"https:\\\/\\\/transparent.love\\\/questione-di-sguardi\\\/\",\"url\":\"https:\\\/\\\/transparent.love\\\/questione-di-sguardi\\\/\",\"name\":\"Educare alle differenze - Transparent\",\"isPartOf\":{\"@id\":\"https:\\\/\\\/transparent.love\\\/#website\"},\"primaryImageOfPage\":{\"@id\":\"https:\\\/\\\/transparent.love\\\/questione-di-sguardi\\\/#primaryimage\"},\"image\":{\"@id\":\"https:\\\/\\\/transparent.love\\\/questione-di-sguardi\\\/#primaryimage\"},\"thumbnailUrl\":\"https:\\\/\\\/transparent.love\\\/wp-content\\\/uploads\\\/2020\\\/01\\\/4.-Danilo_Orgoglio-\u00a9-Alessia-Rollo-HQ.jpg\",\"datePublished\":\"2020-01-21T12:24:31+00:00\",\"dateModified\":\"2023-08-30T16:10:20+00:00\",\"author\":{\"@id\":\"https:\\\/\\\/transparent.love\\\/#\\\/schema\\\/person\\\/2698ae750a7c602272e992d2d96f1da9\"},\"breadcrumb\":{\"@id\":\"https:\\\/\\\/transparent.love\\\/questione-di-sguardi\\\/#breadcrumb\"},\"inLanguage\":\"en-GB\",\"potentialAction\":[{\"@type\":\"ReadAction\",\"target\":[\"https:\\\/\\\/transparent.love\\\/questione-di-sguardi\\\/\"]}]},{\"@type\":\"ImageObject\",\"inLanguage\":\"en-GB\",\"@id\":\"https:\\\/\\\/transparent.love\\\/questione-di-sguardi\\\/#primaryimage\",\"url\":\"https:\\\/\\\/transparent.love\\\/wp-content\\\/uploads\\\/2020\\\/01\\\/4.-Danilo_Orgoglio-\u00a9-Alessia-Rollo-HQ.jpg\",\"contentUrl\":\"https:\\\/\\\/transparent.love\\\/wp-content\\\/uploads\\\/2020\\\/01\\\/4.-Danilo_Orgoglio-\u00a9-Alessia-Rollo-HQ.jpg\",\"width\":2000,\"height\":1333},{\"@type\":\"BreadcrumbList\",\"@id\":\"https:\\\/\\\/transparent.love\\\/questione-di-sguardi\\\/#breadcrumb\",\"itemListElement\":[{\"@type\":\"ListItem\",\"position\":1,\"name\":\"Home\",\"item\":\"https:\\\/\\\/transparent.love\\\/\"},{\"@type\":\"ListItem\",\"position\":2,\"name\":\"Educare alle differenze\"}]},{\"@type\":\"WebSite\",\"@id\":\"https:\\\/\\\/transparent.love\\\/#website\",\"url\":\"https:\\\/\\\/transparent.love\\\/\",\"name\":\"Transparent\",\"description\":\"Educazione alla pace e alle differenze per favorire l\u2019inclusione sociale\",\"potentialAction\":[{\"@type\":\"SearchAction\",\"target\":{\"@type\":\"EntryPoint\",\"urlTemplate\":\"https:\\\/\\\/transparent.love\\\/?s={search_term_string}\"},\"query-input\":{\"@type\":\"PropertyValueSpecification\",\"valueRequired\":true,\"valueName\":\"search_term_string\"}}],\"inLanguage\":\"en-GB\"},{\"@type\":\"Person\",\"@id\":\"https:\\\/\\\/transparent.love\\\/#\\\/schema\\\/person\\\/2698ae750a7c602272e992d2d96f1da9\",\"name\":\"admin\",\"url\":\"https:\\\/\\\/transparent.love\\\/en\\\/author\\\/transpadmin\\\/\"}]}<\/script>\n<!-- \/ Yoast SEO plugin. -->","yoast_head_json":{"title":"Educare alle differenze - Transparent","robots":{"index":"index","follow":"follow","max-snippet":"max-snippet:-1","max-image-preview":"max-image-preview:large","max-video-preview":"max-video-preview:-1"},"canonical":"https:\/\/transparent.love\/en\/questione-di-sguardi\/","og_locale":"en_GB","og_type":"article","og_title":"Educare alle differenze - Transparent","og_description":"Strumenti di accoglienza delle diversit\u00e0&nbsp;proprie e altrui per contrastare le discriminazioni&nbsp; Il progetto ha come obiettivi:&nbsp; Metodi e strategie: Il laboratorio si avvarr\u00e0&nbsp;di tecniche di educazione non formale Tutte le attivit\u00e0 sono condotte in un clima non giudicante. Articolazione del laboratorio&nbsp; Il laboratorio pu\u00f2 essere strutturato in 2 incontri della durata di 3 ore l\u2019uno, ma in base alle esigenze della scuola si pu\u00f2 riformulare.&nbsp; Pu\u00f2 far parte di un percorso pi\u00f9 lungo e articolato, usato come modulo propedeutico per [&hellip;]","og_url":"https:\/\/transparent.love\/en\/questione-di-sguardi\/","og_site_name":"Transparent","article_published_time":"2020-01-21T12:24:31+00:00","article_modified_time":"2023-08-30T16:10:20+00:00","og_image":[{"width":1024,"height":682,"url":"https:\/\/transparent.love\/wp-content\/uploads\/2020\/01\/4.-Danilo_Orgoglio-\u00a9-Alessia-Rollo-HQ-1024x682.jpg","type":"image\/jpeg"}],"author":"admin","twitter_card":"summary_large_image","twitter_misc":{"Written by":"admin","Estimated reading time":"2 minutes"},"schema":{"@context":"https:\/\/schema.org","@graph":[{"@type":"Article","@id":"https:\/\/transparent.love\/questione-di-sguardi\/#article","isPartOf":{"@id":"https:\/\/transparent.love\/questione-di-sguardi\/"},"author":{"name":"admin","@id":"https:\/\/transparent.love\/#\/schema\/person\/2698ae750a7c602272e992d2d96f1da9"},"headline":"Educare alle differenze","datePublished":"2020-01-21T12:24:31+00:00","dateModified":"2023-08-30T16:10:20+00:00","mainEntityOfPage":{"@id":"https:\/\/transparent.love\/questione-di-sguardi\/"},"wordCount":317,"image":{"@id":"https:\/\/transparent.love\/questione-di-sguardi\/#primaryimage"},"thumbnailUrl":"https:\/\/transparent.love\/wp-content\/uploads\/2020\/01\/4.-Danilo_Orgoglio-\u00a9-Alessia-Rollo-HQ.jpg","articleSection":["Laboratorio"],"inLanguage":"en-GB"},{"@type":"WebPage","@id":"https:\/\/transparent.love\/questione-di-sguardi\/","url":"https:\/\/transparent.love\/questione-di-sguardi\/","name":"Educare alle differenze - Transparent","isPartOf":{"@id":"https:\/\/transparent.love\/#website"},"primaryImageOfPage":{"@id":"https:\/\/transparent.love\/questione-di-sguardi\/#primaryimage"},"image":{"@id":"https:\/\/transparent.love\/questione-di-sguardi\/#primaryimage"},"thumbnailUrl":"https:\/\/transparent.love\/wp-content\/uploads\/2020\/01\/4.-Danilo_Orgoglio-\u00a9-Alessia-Rollo-HQ.jpg","datePublished":"2020-01-21T12:24:31+00:00","dateModified":"2023-08-30T16:10:20+00:00","author":{"@id":"https:\/\/transparent.love\/#\/schema\/person\/2698ae750a7c602272e992d2d96f1da9"},"breadcrumb":{"@id":"https:\/\/transparent.love\/questione-di-sguardi\/#breadcrumb"},"inLanguage":"en-GB","potentialAction":[{"@type":"ReadAction","target":["https:\/\/transparent.love\/questione-di-sguardi\/"]}]},{"@type":"ImageObject","inLanguage":"en-GB","@id":"https:\/\/transparent.love\/questione-di-sguardi\/#primaryimage","url":"https:\/\/transparent.love\/wp-content\/uploads\/2020\/01\/4.-Danilo_Orgoglio-\u00a9-Alessia-Rollo-HQ.jpg","contentUrl":"https:\/\/transparent.love\/wp-content\/uploads\/2020\/01\/4.-Danilo_Orgoglio-\u00a9-Alessia-Rollo-HQ.jpg","width":2000,"height":1333},{"@type":"BreadcrumbList","@id":"https:\/\/transparent.love\/questione-di-sguardi\/#breadcrumb","itemListElement":[{"@type":"ListItem","position":1,"name":"Home","item":"https:\/\/transparent.love\/"},{"@type":"ListItem","position":2,"name":"Educare alle differenze"}]},{"@type":"WebSite","@id":"https:\/\/transparent.love\/#website","url":"https:\/\/transparent.love\/","name":"Transparent","description":"Educazione alla pace e alle differenze per favorire l\u2019inclusione sociale","potentialAction":[{"@type":"SearchAction","target":{"@type":"EntryPoint","urlTemplate":"https:\/\/transparent.love\/?s={search_term_string}"},"query-input":{"@type":"PropertyValueSpecification","valueRequired":true,"valueName":"search_term_string"}}],"inLanguage":"en-GB"},{"@type":"Person","@id":"https:\/\/transparent.love\/#\/schema\/person\/2698ae750a7c602272e992d2d96f1da9","name":"admin","url":"https:\/\/transparent.love\/en\/author\/transpadmin\/"}]}},"_links":{"self":[{"href":"https:\/\/transparent.love\/en\/wp-json\/wp\/v2\/posts\/544","targetHints":{"allow":["GET"]}}],"collection":[{"href":"https:\/\/transparent.love\/en\/wp-json\/wp\/v2\/posts"}],"about":[{"href":"https:\/\/transparent.love\/en\/wp-json\/wp\/v2\/types\/post"}],"author":[{"embeddable":true,"href":"https:\/\/transparent.love\/en\/wp-json\/wp\/v2\/users\/1"}],"replies":[{"embeddable":true,"href":"https:\/\/transparent.love\/en\/wp-json\/wp\/v2\/comments?post=544"}],"version-history":[{"count":14,"href":"https:\/\/transparent.love\/en\/wp-json\/wp\/v2\/posts\/544\/revisions"}],"predecessor-version":[{"id":1016,"href":"https:\/\/transparent.love\/en\/wp-json\/wp\/v2\/posts\/544\/revisions\/1016"}],"wp:featuredmedia":[{"embeddable":true,"href":"https:\/\/transparent.love\/en\/wp-json\/wp\/v2\/media\/927"}],"wp:attachment":[{"href":"https:\/\/transparent.love\/en\/wp-json\/wp\/v2\/media?parent=544"}],"wp:term":[{"taxonomy":"category","embeddable":true,"href":"https:\/\/transparent.love\/en\/wp-json\/wp\/v2\/categories?post=544"},{"taxonomy":"post_tag","embeddable":true,"href":"https:\/\/transparent.love\/en\/wp-json\/wp\/v2\/tags?post=544"}],"curies":[{"name":"wp","href":"https:\/\/api.w.org\/{rel}","templated":true}]}}